{"id":1333,"date":"2019-05-15T16:57:19","date_gmt":"2019-05-15T16:57:19","guid":{"rendered":"http:\/\/el-triunfo.gob.ec\/noticias\/?p=1333"},"modified":"2019-05-17T17:59:19","modified_gmt":"2019-05-17T17:59:19","slug":"posesion-del-dr-david-martillo-pinos","status":"publish","type":"post","link":"https:\/\/el-triunfo.gob.ec\/noticias\/posesion-del-dr-david-martillo-pinos\/","title":{"rendered":"Posesi\u00f3n del Dr. David Martillo Pinos"},"content":{"rendered":"\n<p>Este\n15 de mayo de 2019 se realiz\u00f3 la posesi\u00f3n del Dr. David Martillo Pino nuevo\nAlcalde del Cant\u00f3n El Triunfo acompa\u00f1ado de sus ediles&nbsp;<a href=\"https:\/\/www.facebook.com\/yolandavallejo2019\/?__tn__=K-R&amp;eid=ARBUuRyffP_8f271MxtMR0TOpvoLXLFxlGkQ89BWgSuaaZh6duvxdT8OWXCSQfOuMdLFbldTfshXt8Fu&amp;fref=mentions&amp;__xts__%5B0%5D=68.ARBTvH1_wJx-EnusdGriIROwPL7X5_ElF-QupoNGd4phVVu7KwbpRirewRic6QyyK7xDNYUArhMYpZNFUC5AvhDP0xv4dS8YwIE7xsTnUY45ymwM5eZyMSGycyUaocGO3xSYGLYsobkTwbH5B5bzagnSWpSipafRUEQkotsb2O0WMNxVVtQKHNPPYNyG1e-bg7dZ0ADXCV8YU4IKR_bIbM7MAIAVULLSKE3wGt3sy-dutHyi1KevZ7hl_JDfHj089DFQr-p1QOKtB4HswDWE-E_Z8HCH-Ewt_x5bFqB-20EO2NAFFJHh-fxmeM2Q5OwyIOKWRZOLIoLkg5-yye0D-b4\">Lcda. Yolanda Vallejo Pe\u00f1afiel<\/a>, Sra.&nbsp;<a href=\"https:\/\/www.facebook.com\/gloriamaria.quinterosbetancourt?__tn__=K-R&amp;eid=ARAXH1TgwjpOjELtFbcEmCKKkTT0gocejdaHsKEdmWjxpe04UMGQRG0KPduDqvSG78KJ92Mffpkr4jTC&amp;fref=mentions&amp;__xts__%5B0%5D=68.ARBTvH1_wJx-EnusdGriIROwPL7X5_ElF-QupoNGd4phVVu7KwbpRirewRic6QyyK7xDNYUArhMYpZNFUC5AvhDP0xv4dS8YwIE7xsTnUY45ymwM5eZyMSGycyUaocGO3xSYGLYsobkTwbH5B5bzagnSWpSipafRUEQkotsb2O0WMNxVVtQKHNPPYNyG1e-bg7dZ0ADXCV8YU4IKR_bIbM7MAIAVULLSKE3wGt3sy-dutHyi1KevZ7hl_JDfHj089DFQr-p1QOKtB4HswDWE-E_Z8HCH-Ewt_x5bFqB-20EO2NAFFJHh-fxmeM2Q5OwyIOKWRZOLIoLkg5-yye0D-b4\">Gloria Maria Quinteros Betancourt<\/a>,&nbsp;<a href=\"https:\/\/www.facebook.com\/concejalBermeoAnuar\/?__tn__=K-R&amp;eid=ARBd0wio2iW7z52jrLV86_5SyVtBFCmqxotFtpIbG7CqvBRaNu1bSYAm-w0ZOjM8GUpLtBrCdrDXO_2U&amp;fref=mentions&amp;__xts__%5B0%5D=68.ARBTvH1_wJx-EnusdGriIROwPL7X5_ElF-QupoNGd4phVVu7KwbpRirewRic6QyyK7xDNYUArhMYpZNFUC5AvhDP0xv4dS8YwIE7xsTnUY45ymwM5eZyMSGycyUaocGO3xSYGLYsobkTwbH5B5bzagnSWpSipafRUEQkotsb2O0WMNxVVtQKHNPPYNyG1e-bg7dZ0ADXCV8YU4IKR_bIbM7MAIAVULLSKE3wGt3sy-dutHyi1KevZ7hl_JDfHj089DFQr-p1QOKtB4HswDWE-E_Z8HCH-Ewt_x5bFqB-20EO2NAFFJHh-fxmeM2Q5OwyIOKWRZOLIoLkg5-yye0D-b4\">Ing. Anuar Bermeo<\/a>, Ab.&nbsp;<a href=\"https:\/\/www.facebook.com\/evelynmichell.coronelsanchez?__tn__=K-R&amp;eid=ARBpnJ5aEXNva0Kx026LkwxY5tVPRGQJodbbL61WITPtEz-zKh-xewR1AHdhYxy0vZFlx-QvFxEBk4tf&amp;fref=mentions&amp;__xts__%5B0%5D=68.ARBTvH1_wJx-EnusdGriIROwPL7X5_ElF-QupoNGd4phVVu7KwbpRirewRic6QyyK7xDNYUArhMYpZNFUC5AvhDP0xv4dS8YwIE7xsTnUY45ymwM5eZyMSGycyUaocGO3xSYGLYsobkTwbH5B5bzagnSWpSipafRUEQkotsb2O0WMNxVVtQKHNPPYNyG1e-bg7dZ0ADXCV8YU4IKR_bIbM7MAIAVULLSKE3wGt3sy-dutHyi1KevZ7hl_JDfHj089DFQr-p1QOKtB4HswDWE-E_Z8HCH-Ewt_x5bFqB-20EO2NAFFJHh-fxmeM2Q5OwyIOKWRZOLIoLkg5-yye0D-b4\">Michelle Coronel<\/a>&nbsp;y la Srta.&nbsp;<a href=\"https:\/\/www.facebook.com\/MabelEsTriunfo\/?__tn__=K-R&amp;eid=ARDGkEAS18dW6Lt5IAmo_BwAlBVsm3zAK77D1Z_V50lnKBV1scBExipqwPHO0LBuNjadlkLpDhh6sD03&amp;fref=mentions&amp;__xts__%5B0%5D=68.ARBTvH1_wJx-EnusdGriIROwPL7X5_ElF-QupoNGd4phVVu7KwbpRirewRic6QyyK7xDNYUArhMYpZNFUC5AvhDP0xv4dS8YwIE7xsTnUY45ymwM5eZyMSGycyUaocGO3xSYGLYsobkTwbH5B5bzagnSWpSipafRUEQkotsb2O0WMNxVVtQKHNPPYNyG1e-bg7dZ0ADXCV8YU4IKR_bIbM7MAIAVULLSKE3wGt3sy-dutHyi1KevZ7hl_JDfHj089DFQr-p1QOKtB4HswDWE-E_Z8HCH-Ewt_x5bFqB-20EO2NAFFJHh-fxmeM2Q5OwyIOKWRZOLIoLkg5-yye0D-b4\">Mabel Tenezaca<\/a>..<\/p>\n\n\n\n<p>Donde se eligi\u00f3\na la <a href=\"https:\/\/www.facebook.com\/yolandavallejo2019\/?__tn__=K-R&amp;eid=ARDmtljzlexE_ydHUoRjUMwr78qXkwcmN6dNGSbqmsNdF585eyp6fCfYrjH2P-AYJK0lkbrBxNF8avGf&amp;fref=mentions&amp;__xts__%5B0%5D=68.ARBvmIoYv5e1V1u8LRRf74cZb32n-19-bqNgKi2UoovdZFIZh42krlnmC65UyToP2oYP8WKY5PggnY2Kg5JzS1uYwSIL134PoGdG8Q87h6VZcb7yORPh8A8JQMSqmK2iUs3j_TMkfRm7dYEdiuItuPwEEHB0_vK6wgDChdEzMekeOdmqbWy-MFbtr8TNyhLGKTlFqNo9lj2vpC-RsCxCiYFuO-I3ee0CFQCRM8s_oPyZ38bnAzhtmi9om_5ZRN1p8ppeD_2MZGE-FvWtOCxLwQ9iq8BIjyfWs1_6hWZJ-MjI0OjK4vr9vtfV0--yvonNMsUOnkZCW0Dsa7L_tUm2SKY\">Lcda. Yolanda Vallejo Pe\u00f1afiel<\/a>&nbsp;como la nueva Vicealcaldesa y la Ab. Beatriz Salazar\ncomo Secretaria General.<\/p>\n\n\n\n<p>Este evento de gran trascendencia cont\u00f3 con la presencia de autoridades civiles, militares y eclesi\u00e1sticos, marcando un nuevo precedente en el desarrollo de nuestro cant\u00f3n<\/p>\n\n\n\n<figure class=\"wp-block-image\"><img decoding=\"async\" loading=\"lazy\" width=\"1011\" height=\"675\" src=\"http:\/\/el-triunfo.gob.ec\/noticias\/wp-content\/uploads\/2019\/05\/DSC_8551.jpg\" alt=\"\" class=\"wp-image-1339\"\/><\/figure>\n","protected":false},"excerpt":{"rendered":"<p>Este 15 de mayo de 2019 se realiz\u00f3 la posesi\u00f3n del Dr. David Martillo Pino nuevo Alcalde del Cant\u00f3n El Triunfo acompa\u00f1ado de sus ediles&nbsp;Lcda. Yolanda Vallejo Pe\u00f1afiel, Sra.&nbsp;Gloria Maria Quinteros Betancourt,&nbsp;Ing. Anuar Bermeo, Ab.&nbsp;Michelle Coronel&nbsp;y la Srta.&nbsp;Mabel Tenezaca.. Donde se eligi\u00f3 a la Lcda. Yolanda Vallejo Pe\u00f1afiel&nbsp;como la nueva Vicealcaldesa y la Ab. Beatriz [&hellip;]<\/p>\n","protected":false},"author":3,"featured_media":1335,"comment_status":"open","ping_status":"open","sticky":false,"template":"","format":"standard","meta":{"footnotes":""},"categories":[1],"tags":[],"rttpg_featured_image_url":{"full":["https:\/\/el-triunfo.gob.ec\/noticias\/wp-content\/uploads\/2019\/05\/NOTICIAS-DESTACADAS-1.jpg",735,400,false],"landscape":["https:\/\/el-triunfo.gob.ec\/noticias\/wp-content\/uploads\/2019\/05\/NOTICIAS-DESTACADAS-1.jpg",735,400,false],"portraits":["https:\/\/el-triunfo.gob.ec\/noticias\/wp-content\/uploads\/2019\/05\/NOTICIAS-DESTACADAS-1.jpg",735,400,false],"thumbnail":["https:\/\/el-triunfo.gob.ec\/noticias\/wp-content\/uploads\/2019\/05\/NOTICIAS-DESTACADAS-1-150x150.jpg",150,150,true],"medium":["https:\/\/el-triunfo.gob.ec\/noticias\/wp-content\/uploads\/2019\/05\/NOTICIAS-DESTACADAS-1-300x163.jpg",300,163,true],"large":["https:\/\/el-triunfo.gob.ec\/noticias\/wp-content\/uploads\/2019\/05\/NOTICIAS-DESTACADAS-1.jpg",735,400,false],"1536x1536":["https:\/\/el-triunfo.gob.ec\/noticias\/wp-content\/uploads\/2019\/05\/NOTICIAS-DESTACADAS-1.jpg",735,400,false],"2048x2048":["https:\/\/el-triunfo.gob.ec\/noticias\/wp-content\/uploads\/2019\/05\/NOTICIAS-DESTACADAS-1.jpg",735,400,false],"post-thumbnail":["https:\/\/el-triunfo.gob.ec\/noticias\/wp-content\/uploads\/2019\/05\/NOTICIAS-DESTACADAS-1-370x265.jpg",370,265,true],"kava-thumb-s":["https:\/\/el-triunfo.gob.ec\/noticias\/wp-content\/uploads\/2019\/05\/NOTICIAS-DESTACADAS-1-150x85.jpg",150,85,true],"kava-thumb-s-2":["https:\/\/el-triunfo.gob.ec\/noticias\/wp-content\/uploads\/2019\/05\/NOTICIAS-DESTACADAS-1-230x230.jpg",230,230,true],"kava-thumb-m":["https:\/\/el-triunfo.gob.ec\/noticias\/wp-content\/uploads\/2019\/05\/NOTICIAS-DESTACADAS-1-400x400.jpg",400,400,true],"kava-thumb-m-vertical":["https:\/\/el-triunfo.gob.ec\/noticias\/wp-content\/uploads\/2019\/05\/NOTICIAS-DESTACADAS-1-370x400.jpg",370,400,true],"kava-thumb-m-2":["https:\/\/el-triunfo.gob.ec\/noticias\/wp-content\/uploads\/2019\/05\/NOTICIAS-DESTACADAS-1-570x400.jpg",570,400,true],"kava-thumb-l":["https:\/\/el-triunfo.gob.ec\/noticias\/wp-content\/uploads\/2019\/05\/NOTICIAS-DESTACADAS-1.jpg",735,400,false],"kava-thumb-xl":["https:\/\/el-triunfo.gob.ec\/noticias\/wp-content\/uploads\/2019\/05\/NOTICIAS-DESTACADAS-1.jpg",735,400,false],"kava-thumb-masonry":["https:\/\/el-triunfo.gob.ec\/noticias\/wp-content\/uploads\/2019\/05\/NOTICIAS-DESTACADAS-1-600x327.jpg",600,327,true],"kava-thumb-justify":["https:\/\/el-triunfo.gob.ec\/noticias\/wp-content\/uploads\/2019\/05\/NOTICIAS-DESTACADAS-1-640x400.jpg",640,400,true],"kava-thumb-justify-2":["https:\/\/el-triunfo.gob.ec\/noticias\/wp-content\/uploads\/2019\/05\/NOTICIAS-DESTACADAS-1.jpg",735,400,false],"album-thumb":["https:\/\/el-triunfo.gob.ec\/noticias\/wp-content\/uploads\/2019\/05\/NOTICIAS-DESTACADAS-1-120x80.jpg",120,80,true],"photo-thumb":["https:\/\/el-triunfo.gob.ec\/noticias\/wp-content\/uploads\/2019\/05\/NOTICIAS-DESTACADAS-1-160x120.jpg",160,120,true]},"rttpg_author":{"display_name":"GAD El Triunfo","author_link":"https:\/\/el-triunfo.gob.ec\/noticias\/author\/gad-el-triunfo\/"},"rttpg_comment":0,"rttpg_category":"<a href=\"https:\/\/el-triunfo.gob.ec\/noticias\/category\/noticias\/\" rel=\"category tag\">Noticias<\/a>","rttpg_excerpt":"Este 15 de mayo de 2019 se realiz\u00f3 la posesi\u00f3n del Dr. David Martillo Pino nuevo Alcalde del Cant\u00f3n El Triunfo acompa\u00f1ado de sus ediles&nbsp;Lcda. Yolanda Vallejo Pe\u00f1afiel, Sra.&nbsp;Gloria Maria Quinteros Betancourt,&nbsp;Ing. Anuar Bermeo, Ab.&nbsp;Michelle Coronel&nbsp;y la Srta.&nbsp;Mabel Tenezaca.. Donde se eligi\u00f3 a la Lcda. Yolanda Vallejo Pe\u00f1afiel&nbsp;como la nueva Vicealcaldesa y la Ab. Beatriz&hellip;","_links":{"self":[{"href":"https:\/\/el-triunfo.gob.ec\/noticias\/wp-json\/wp\/v2\/posts\/1333"}],"collection":[{"href":"https:\/\/el-triunfo.gob.ec\/noticias\/wp-json\/wp\/v2\/posts"}],"about":[{"href":"https:\/\/el-triunfo.gob.ec\/noticias\/wp-json\/wp\/v2\/types\/post"}],"author":[{"embeddable":true,"href":"https:\/\/el-triunfo.gob.ec\/noticias\/wp-json\/wp\/v2\/users\/3"}],"replies":[{"embeddable":true,"href":"https:\/\/el-triunfo.gob.ec\/noticias\/wp-json\/wp\/v2\/comments?post=1333"}],"version-history":[{"count":5,"href":"https:\/\/el-triunfo.gob.ec\/noticias\/wp-json\/wp\/v2\/posts\/1333\/revisions"}],"predecessor-version":[{"id":1347,"href":"https:\/\/el-triunfo.gob.ec\/noticias\/wp-json\/wp\/v2\/posts\/1333\/revisions\/1347"}],"wp:featuredmedia":[{"embeddable":true,"href":"https:\/\/el-triunfo.gob.ec\/noticias\/wp-json\/wp\/v2\/media\/1335"}],"wp:attachment":[{"href":"https:\/\/el-triunfo.gob.ec\/noticias\/wp-json\/wp\/v2\/media?parent=1333"}],"wp:term":[{"taxonomy":"category","embeddable":true,"href":"https:\/\/el-triunfo.gob.ec\/noticias\/wp-json\/wp\/v2\/categories?post=1333"},{"taxonomy":"post_tag","embeddable":true,"href":"https:\/\/el-triunfo.gob.ec\/noticias\/wp-json\/wp\/v2\/tags?post=1333"}],"curies":[{"name":"wp","href":"https:\/\/api.w.org\/{rel}","templated":true}]}}